{"id":2926,"date":"2023-07-07T09:35:24","date_gmt":"2023-07-07T09:35:24","guid":{"rendered":"https:\/\/scanmast.com\/?p=2926"},"modified":"2025-03-12T15:17:21","modified_gmt":"2025-03-12T15:17:21","slug":"tarnselskapet-as-och-scanmast-sluter-femars-avtal-8","status":"publish","type":"post","link":"https:\/\/scanmast.com\/se\/tarnselskapet-as-och-scanmast-sluter-femars-avtal-8\/","title":{"rendered":"T\u00e5rnselskapet AS och Scanmast sluter fem\u00e5rs-avtal"},"content":{"rendered":"\n<p>I utvecklingen av den digitala infrastruktur som p\u00e5g\u00e5r i Norge kommer T\u00e5rnselskapet AS att st\u00f6dja 5G-implementeringen genom att bygga torn. Som samarbetspartner och leverant\u00f6r av master och torn har de valt Scanmast. Avtalet inneb\u00e4r att Scanmast under fem \u00e5r kommer leverera master och torn till projektet.<\/p>\n\n\n\n<p><em>\u201dVi \u00e4r glada och stolta att f\u00e5 vara med i projektet och kommer att bidraga med all v\u00e5r erfarenhet och kunskap att bygga en s\u00e4ker och tillf\u00f6rlitlig infrastruktur f\u00f6r morgondagen\u201d<\/em>&nbsp;s\u00e4ger Stefan Myhr, aff\u00e4rsomr\u00e5deschef p\u00e5 Scanmast.<\/p>\n\n\n\n<p>Det nybildade T\u00e5rnselskapet AS \u00e4gs av totalt 23 regionala och lokala f\u00f6retag, som alla har l\u00e5ng erfarenhet av att utveckla digital infrastruktur.<br>Scanmast har erfarenhet som str\u00e4cker sig tillbaka till utrullningen av radio- och TV-master p\u00e5 60-talet.<\/p>\n\n\n\n<p><em>\u201dDet ska bli sp\u00e4nnande att ing\u00e5 partnerskap med T\u00e5rnselskapet, v\u00e5r gemensamma kunskapsbank kommer att bli en enorm tillg\u00e5ng f\u00f6r detta projekt\u201d<\/em>&nbsp;avslutar Stefan.<\/p>\n","protected":false},"excerpt":{"rendered":"<p>I utvecklingen av den digitala infrastruktur som p\u00e5g\u00e5r i Norge kommer T\u00e5rnselskapet AS att st\u00f6dja 5G-implementeringen genom att bygga torn. Som samarbetspartner och leverant\u00f6r av master och torn har de valt Scanmast. Avtalet inneb\u00e4r att Scanmast under fem \u00e5r kommer leverera master och torn till projektet. \u201dVi \u00e4r glada och stolta att f\u00e5 vara med [&hellip;]<\/p>\n","protected":false},"author":2,"featured_media":249,"comment_status":"closed","ping_status":"open","sticky":false,"template":"","format":"standard","meta":{"_acf_changed":false,"footnotes":""},"categories":[6],"tags":[],"class_list":["post-2926","post","type-post","status-publish","format-standard","has-post-thumbnail","hentry","category-nyheter"],"acf":[],"yoast_head":"<!-- This site is optimized with the Yoast SEO plugin v26.8 - https:\/\/yoast.com\/product\/yoast-seo-wordpress\/ -->\n<title>T\u00e5rnselskapet AS och Scanmast sluter fem\u00e5rs-avtal - Scanmast<\/title>\n<meta name=\"robots\" content=\"index, follow, max-snippet:-1, max-image-preview:large, max-video-preview:-1\" \/>\n<link rel=\"canonical\" href=\"https:\/\/scanmast.com\/se\/tarnselskapet-as-och-scanmast-sluter-femars-avtal-8\/\" \/>\n<meta property=\"og:locale\" content=\"sv_SE\" \/>\n<meta property=\"og:type\" content=\"article\" \/>\n<meta property=\"og:title\" content=\"T\u00e5rnselskapet AS och Scanmast sluter fem\u00e5rs-avtal - Scanmast\" \/>\n<meta property=\"og:description\" content=\"I utvecklingen av den digitala infrastruktur som p\u00e5g\u00e5r i Norge kommer T\u00e5rnselskapet AS att st\u00f6dja 5G-implementeringen genom att bygga torn. Som samarbetspartner och leverant\u00f6r av master och torn har de valt Scanmast. Avtalet inneb\u00e4r att Scanmast under fem \u00e5r kommer leverera master och torn till projektet. \u201dVi \u00e4r glada och stolta att f\u00e5 vara med [&hellip;]\" \/>\n<meta property=\"og:url\" content=\"https:\/\/scanmast.com\/se\/tarnselskapet-as-och-scanmast-sluter-femars-avtal-8\/\" \/>\n<meta property=\"og:site_name\" content=\"Scanmast\" \/>\n<meta property=\"article:published_time\" content=\"2023-07-07T09:35:24+00:00\" \/>\n<meta property=\"article:modified_time\" content=\"2025-03-12T15:17:21+00:00\" \/>\n<meta property=\"og:image\" content=\"https:\/\/scanmast.com\/wp-content\/uploads\/2025\/01\/pic.jpg\" \/>\n\t<meta property=\"og:image:width\" content=\"620\" \/>\n\t<meta property=\"og:image:height\" content=\"340\" \/>\n\t<meta property=\"og:image:type\" content=\"image\/jpeg\" \/>\n<meta name=\"author\" content=\"Hjalmar\" \/>\n<meta name=\"twitter:card\" content=\"summary_large_image\" \/>\n<meta name=\"twitter:label1\" content=\"Skriven av\" \/>\n\t<meta name=\"twitter:data1\" content=\"Hjalmar\" \/>\n\t<meta name=\"twitter:label2\" content=\"Ber\u00e4knad l\u00e4stid\" \/>\n\t<meta name=\"twitter:data2\" content=\"1 minut\" \/>\n<script type=\"application\/ld+json\" class=\"yoast-schema-graph\">{\"@context\":\"https:\/\/schema.org\",\"@graph\":[{\"@type\":\"Article\",\"@id\":\"https:\/\/scanmast.com\/se\/tarnselskapet-as-och-scanmast-sluter-femars-avtal-8\/#article\",\"isPartOf\":{\"@id\":\"https:\/\/scanmast.com\/se\/tarnselskapet-as-och-scanmast-sluter-femars-avtal-8\/\"},\"author\":{\"name\":\"Hjalmar\",\"@id\":\"https:\/\/scanmast.com\/en\/#\/schema\/person\/d339bb0aea224cfc94992b4310e40aac\"},\"headline\":\"T\u00e5rnselskapet AS och Scanmast sluter fem\u00e5rs-avtal\",\"datePublished\":\"2023-07-07T09:35:24+00:00\",\"dateModified\":\"2025-03-12T15:17:21+00:00\",\"mainEntityOfPage\":{\"@id\":\"https:\/\/scanmast.com\/se\/tarnselskapet-as-och-scanmast-sluter-femars-avtal-8\/\"},\"wordCount\":173,\"publisher\":{\"@id\":\"https:\/\/scanmast.com\/en\/#organization\"},\"image\":{\"@id\":\"https:\/\/scanmast.com\/se\/tarnselskapet-as-och-scanmast-sluter-femars-avtal-8\/#primaryimage\"},\"thumbnailUrl\":\"https:\/\/scanmast.com\/wp-content\/uploads\/2025\/01\/pic.jpg\",\"articleSection\":[\"Nyheter\"],\"inLanguage\":\"sv-SE\"},{\"@type\":\"WebPage\",\"@id\":\"https:\/\/scanmast.com\/se\/tarnselskapet-as-och-scanmast-sluter-femars-avtal-8\/\",\"url\":\"https:\/\/scanmast.com\/se\/tarnselskapet-as-och-scanmast-sluter-femars-avtal-8\/\",\"name\":\"T\u00e5rnselskapet AS och Scanmast sluter fem\u00e5rs-avtal - Scanmast\",\"isPartOf\":{\"@id\":\"https:\/\/scanmast.com\/en\/#website\"},\"primaryImageOfPage\":{\"@id\":\"https:\/\/scanmast.com\/se\/tarnselskapet-as-och-scanmast-sluter-femars-avtal-8\/#primaryimage\"},\"image\":{\"@id\":\"https:\/\/scanmast.com\/se\/tarnselskapet-as-och-scanmast-sluter-femars-avtal-8\/#primaryimage\"},\"thumbnailUrl\":\"https:\/\/scanmast.com\/wp-content\/uploads\/2025\/01\/pic.jpg\",\"datePublished\":\"2023-07-07T09:35:24+00:00\",\"dateModified\":\"2025-03-12T15:17:21+00:00\",\"breadcrumb\":{\"@id\":\"https:\/\/scanmast.com\/se\/tarnselskapet-as-och-scanmast-sluter-femars-avtal-8\/#breadcrumb\"},\"inLanguage\":\"sv-SE\",\"potentialAction\":[{\"@type\":\"ReadAction\",\"target\":[\"https:\/\/scanmast.com\/se\/tarnselskapet-as-och-scanmast-sluter-femars-avtal-8\/\"]}]},{\"@type\":\"ImageObject\",\"inLanguage\":\"sv-SE\",\"@id\":\"https:\/\/scanmast.com\/se\/tarnselskapet-as-och-scanmast-sluter-femars-avtal-8\/#primaryimage\",\"url\":\"https:\/\/scanmast.com\/wp-content\/uploads\/2025\/01\/pic.jpg\",\"contentUrl\":\"https:\/\/scanmast.com\/wp-content\/uploads\/2025\/01\/pic.jpg\",\"width\":620,\"height\":340},{\"@type\":\"BreadcrumbList\",\"@id\":\"https:\/\/scanmast.com\/se\/tarnselskapet-as-och-scanmast-sluter-femars-avtal-8\/#breadcrumb\",\"itemListElement\":[{\"@type\":\"ListItem\",\"position\":1,\"name\":\"Scanmast.se\",\"item\":\"https:\/\/scanmast.com\/en\/\"},{\"@type\":\"ListItem\",\"position\":2,\"name\":\"T\u00e5rnselskapet AS och Scanmast sluter fem\u00e5rs-avtal\"}]},{\"@type\":\"WebSite\",\"@id\":\"https:\/\/scanmast.com\/en\/#website\",\"url\":\"https:\/\/scanmast.com\/en\/\",\"name\":\"Scanmast\",\"description\":\"\",\"publisher\":{\"@id\":\"https:\/\/scanmast.com\/en\/#organization\"},\"potentialAction\":[{\"@type\":\"SearchAction\",\"target\":{\"@type\":\"EntryPoint\",\"urlTemplate\":\"https:\/\/scanmast.com\/en\/?s={search_term_string}\"},\"query-input\":{\"@type\":\"PropertyValueSpecification\",\"valueRequired\":true,\"valueName\":\"search_term_string\"}}],\"inLanguage\":\"sv-SE\"},{\"@type\":\"Organization\",\"@id\":\"https:\/\/scanmast.com\/en\/#organization\",\"name\":\"Scanmast\",\"url\":\"https:\/\/scanmast.com\/en\/\",\"logo\":{\"@type\":\"ImageObject\",\"inLanguage\":\"sv-SE\",\"@id\":\"https:\/\/scanmast.com\/en\/#\/schema\/logo\/image\/\",\"url\":\"https:\/\/scanmast.com\/wp-content\/uploads\/2025\/01\/scanmast_logotyp_utansymbol.svg\",\"contentUrl\":\"https:\/\/scanmast.com\/wp-content\/uploads\/2025\/01\/scanmast_logotyp_utansymbol.svg\",\"width\":19,\"height\":3,\"caption\":\"Scanmast\"},\"image\":{\"@id\":\"https:\/\/scanmast.com\/en\/#\/schema\/logo\/image\/\"}},{\"@type\":\"Person\",\"@id\":\"https:\/\/scanmast.com\/en\/#\/schema\/person\/d339bb0aea224cfc94992b4310e40aac\",\"name\":\"Hjalmar\",\"image\":{\"@type\":\"ImageObject\",\"inLanguage\":\"sv-SE\",\"@id\":\"https:\/\/scanmast.com\/en\/#\/schema\/person\/image\/\",\"url\":\"https:\/\/secure.gravatar.com\/avatar\/38bc7196ec5f75b134d4c40dd654dc970a829a1552642589d09f284d9461bd3b?s=96&d=mm&r=g\",\"contentUrl\":\"https:\/\/secure.gravatar.com\/avatar\/38bc7196ec5f75b134d4c40dd654dc970a829a1552642589d09f284d9461bd3b?s=96&d=mm&r=g\",\"caption\":\"Hjalmar\"},\"url\":\"https:\/\/scanmast.com\/se\/author\/hjalmar\/\"}]}<\/script>\n<!-- \/ Yoast SEO plugin. -->","yoast_head_json":{"title":"T\u00e5rnselskapet AS och Scanmast sluter fem\u00e5rs-avtal - Scanmast","robots":{"index":"index","follow":"follow","max-snippet":"max-snippet:-1","max-image-preview":"max-image-preview:large","max-video-preview":"max-video-preview:-1"},"canonical":"https:\/\/scanmast.com\/se\/tarnselskapet-as-och-scanmast-sluter-femars-avtal-8\/","og_locale":"sv_SE","og_type":"article","og_title":"T\u00e5rnselskapet AS och Scanmast sluter fem\u00e5rs-avtal - Scanmast","og_description":"I utvecklingen av den digitala infrastruktur som p\u00e5g\u00e5r i Norge kommer T\u00e5rnselskapet AS att st\u00f6dja 5G-implementeringen genom att bygga torn. Som samarbetspartner och leverant\u00f6r av master och torn har de valt Scanmast. Avtalet inneb\u00e4r att Scanmast under fem \u00e5r kommer leverera master och torn till projektet. \u201dVi \u00e4r glada och stolta att f\u00e5 vara med [&hellip;]","og_url":"https:\/\/scanmast.com\/se\/tarnselskapet-as-och-scanmast-sluter-femars-avtal-8\/","og_site_name":"Scanmast","article_published_time":"2023-07-07T09:35:24+00:00","article_modified_time":"2025-03-12T15:17:21+00:00","og_image":[{"width":620,"height":340,"url":"https:\/\/scanmast.com\/wp-content\/uploads\/2025\/01\/pic.jpg","type":"image\/jpeg"}],"author":"Hjalmar","twitter_card":"summary_large_image","twitter_misc":{"Skriven av":"Hjalmar","Ber\u00e4knad l\u00e4stid":"1 minut"},"schema":{"@context":"https:\/\/schema.org","@graph":[{"@type":"Article","@id":"https:\/\/scanmast.com\/se\/tarnselskapet-as-och-scanmast-sluter-femars-avtal-8\/#article","isPartOf":{"@id":"https:\/\/scanmast.com\/se\/tarnselskapet-as-och-scanmast-sluter-femars-avtal-8\/"},"author":{"name":"Hjalmar","@id":"https:\/\/scanmast.com\/en\/#\/schema\/person\/d339bb0aea224cfc94992b4310e40aac"},"headline":"T\u00e5rnselskapet AS och Scanmast sluter fem\u00e5rs-avtal","datePublished":"2023-07-07T09:35:24+00:00","dateModified":"2025-03-12T15:17:21+00:00","mainEntityOfPage":{"@id":"https:\/\/scanmast.com\/se\/tarnselskapet-as-och-scanmast-sluter-femars-avtal-8\/"},"wordCount":173,"publisher":{"@id":"https:\/\/scanmast.com\/en\/#organization"},"image":{"@id":"https:\/\/scanmast.com\/se\/tarnselskapet-as-och-scanmast-sluter-femars-avtal-8\/#primaryimage"},"thumbnailUrl":"https:\/\/scanmast.com\/wp-content\/uploads\/2025\/01\/pic.jpg","articleSection":["Nyheter"],"inLanguage":"sv-SE"},{"@type":"WebPage","@id":"https:\/\/scanmast.com\/se\/tarnselskapet-as-och-scanmast-sluter-femars-avtal-8\/","url":"https:\/\/scanmast.com\/se\/tarnselskapet-as-och-scanmast-sluter-femars-avtal-8\/","name":"T\u00e5rnselskapet AS och Scanmast sluter fem\u00e5rs-avtal - Scanmast","isPartOf":{"@id":"https:\/\/scanmast.com\/en\/#website"},"primaryImageOfPage":{"@id":"https:\/\/scanmast.com\/se\/tarnselskapet-as-och-scanmast-sluter-femars-avtal-8\/#primaryimage"},"image":{"@id":"https:\/\/scanmast.com\/se\/tarnselskapet-as-och-scanmast-sluter-femars-avtal-8\/#primaryimage"},"thumbnailUrl":"https:\/\/scanmast.com\/wp-content\/uploads\/2025\/01\/pic.jpg","datePublished":"2023-07-07T09:35:24+00:00","dateModified":"2025-03-12T15:17:21+00:00","breadcrumb":{"@id":"https:\/\/scanmast.com\/se\/tarnselskapet-as-och-scanmast-sluter-femars-avtal-8\/#breadcrumb"},"inLanguage":"sv-SE","potentialAction":[{"@type":"ReadAction","target":["https:\/\/scanmast.com\/se\/tarnselskapet-as-och-scanmast-sluter-femars-avtal-8\/"]}]},{"@type":"ImageObject","inLanguage":"sv-SE","@id":"https:\/\/scanmast.com\/se\/tarnselskapet-as-och-scanmast-sluter-femars-avtal-8\/#primaryimage","url":"https:\/\/scanmast.com\/wp-content\/uploads\/2025\/01\/pic.jpg","contentUrl":"https:\/\/scanmast.com\/wp-content\/uploads\/2025\/01\/pic.jpg","width":620,"height":340},{"@type":"BreadcrumbList","@id":"https:\/\/scanmast.com\/se\/tarnselskapet-as-och-scanmast-sluter-femars-avtal-8\/#breadcrumb","itemListElement":[{"@type":"ListItem","position":1,"name":"Scanmast.se","item":"https:\/\/scanmast.com\/en\/"},{"@type":"ListItem","position":2,"name":"T\u00e5rnselskapet AS och Scanmast sluter fem\u00e5rs-avtal"}]},{"@type":"WebSite","@id":"https:\/\/scanmast.com\/en\/#website","url":"https:\/\/scanmast.com\/en\/","name":"Scanmast","description":"","publisher":{"@id":"https:\/\/scanmast.com\/en\/#organization"},"potentialAction":[{"@type":"SearchAction","target":{"@type":"EntryPoint","urlTemplate":"https:\/\/scanmast.com\/en\/?s={search_term_string}"},"query-input":{"@type":"PropertyValueSpecification","valueRequired":true,"valueName":"search_term_string"}}],"inLanguage":"sv-SE"},{"@type":"Organization","@id":"https:\/\/scanmast.com\/en\/#organization","name":"Scanmast","url":"https:\/\/scanmast.com\/en\/","logo":{"@type":"ImageObject","inLanguage":"sv-SE","@id":"https:\/\/scanmast.com\/en\/#\/schema\/logo\/image\/","url":"https:\/\/scanmast.com\/wp-content\/uploads\/2025\/01\/scanmast_logotyp_utansymbol.svg","contentUrl":"https:\/\/scanmast.com\/wp-content\/uploads\/2025\/01\/scanmast_logotyp_utansymbol.svg","width":19,"height":3,"caption":"Scanmast"},"image":{"@id":"https:\/\/scanmast.com\/en\/#\/schema\/logo\/image\/"}},{"@type":"Person","@id":"https:\/\/scanmast.com\/en\/#\/schema\/person\/d339bb0aea224cfc94992b4310e40aac","name":"Hjalmar","image":{"@type":"ImageObject","inLanguage":"sv-SE","@id":"https:\/\/scanmast.com\/en\/#\/schema\/person\/image\/","url":"https:\/\/secure.gravatar.com\/avatar\/38bc7196ec5f75b134d4c40dd654dc970a829a1552642589d09f284d9461bd3b?s=96&d=mm&r=g","contentUrl":"https:\/\/secure.gravatar.com\/avatar\/38bc7196ec5f75b134d4c40dd654dc970a829a1552642589d09f284d9461bd3b?s=96&d=mm&r=g","caption":"Hjalmar"},"url":"https:\/\/scanmast.com\/se\/author\/hjalmar\/"}]}},"_links":{"self":[{"href":"https:\/\/scanmast.com\/se\/wp-json\/wp\/v2\/posts\/2926","targetHints":{"allow":["GET"]}}],"collection":[{"href":"https:\/\/scanmast.com\/se\/wp-json\/wp\/v2\/posts"}],"about":[{"href":"https:\/\/scanmast.com\/se\/wp-json\/wp\/v2\/types\/post"}],"author":[{"embeddable":true,"href":"https:\/\/scanmast.com\/se\/wp-json\/wp\/v2\/users\/2"}],"replies":[{"embeddable":true,"href":"https:\/\/scanmast.com\/se\/wp-json\/wp\/v2\/comments?post=2926"}],"version-history":[{"count":0,"href":"https:\/\/scanmast.com\/se\/wp-json\/wp\/v2\/posts\/2926\/revisions"}],"wp:featuredmedia":[{"embeddable":true,"href":"https:\/\/scanmast.com\/se\/wp-json\/wp\/v2\/media\/249"}],"wp:attachment":[{"href":"https:\/\/scanmast.com\/se\/wp-json\/wp\/v2\/media?parent=2926"}],"wp:term":[{"taxonomy":"category","embeddable":true,"href":"https:\/\/scanmast.com\/se\/wp-json\/wp\/v2\/categories?post=2926"},{"taxonomy":"post_tag","embeddable":true,"href":"https:\/\/scanmast.com\/se\/wp-json\/wp\/v2\/tags?post=2926"}],"curies":[{"name":"wp","href":"https:\/\/api.w.org\/{rel}","templated":true}]}}